{"id":7090,"date":"2021-09-28T13:41:32","date_gmt":"2021-09-28T11:41:32","guid":{"rendered":"https:\/\/www.valgri.it\/?p=7090"},"modified":"2021-09-28T15:12:28","modified_gmt":"2021-09-28T13:12:28","slug":"valgri-por-campania-fesr-2014-2020-2-2-3","status":"publish","type":"post","link":"https:\/\/www.valgri.it\/valgri-espone-al-tuttofood-2021\/","title":{"rendered":"Valgri esporr\u00e0 al TUTTOFOOD 2021"},"content":{"rendered":"\n<p>Valgr\u00ec prender\u00e0 parte come di consueto alla nuova edizione <strong>TuttoFood<\/strong>, evento fieristico internazionale che quest&#8217;anno si terr\u00e0 dal 22 al 26 ottobre a Milano.<\/p>\n\n\n\n<div class=\"wp-block-image\"><figure class=\"aligncenter is-resized\"><a href=\"https:\/\/www.tuttofood.it\" target=\"_blank\" rel=\"noreferrer noopener\"><img decoding=\"async\" src=\"https:\/\/www.valgri.it\/wp-content\/uploads\/2021\/09\/logo-150x70_red.png\" alt=\"\" class=\"wp-image-7108\" width=\"460\" height=\"214\" srcset=\"https:\/\/www.valgri.it\/wp-content\/uploads\/2021\/09\/logo-150x70_red.png 625w, https:\/\/www.valgri.it\/wp-content\/uploads\/2021\/09\/logo-150x70_red-300x140.png 300w\" sizes=\"(max-width: 460px) 100vw, 460px\" \/><\/a><\/figure><\/div>\n\n\n\n<p>Per questa edizione l&#8217;azienda ha investito in uno spazio maggiore, mantenendo la linea elegante e pulita che l&#8217;ha sempre contraddistinta.<\/p>\n\n\n\n<figure class=\"wp-block-image\"><img decoding=\"async\" width=\"1024\" height=\"407\" src=\"https:\/\/www.valgri.it\/wp-content\/uploads\/2021\/09\/rendering-tuttofood-valgri-1-1024x407.jpg\" alt=\"\" class=\"wp-image-7093\" srcset=\"https:\/\/www.valgri.it\/wp-content\/uploads\/2021\/09\/rendering-tuttofood-valgri-1-1024x407.jpg 1024w, https:\/\/www.valgri.it\/wp-content\/uploads\/2021\/09\/rendering-tuttofood-valgri-1-300x119.jpg 300w, https:\/\/www.valgri.it\/wp-content\/uploads\/2021\/09\/rendering-tuttofood-valgri-1-768x305.jpg 768w, https:\/\/www.valgri.it\/wp-content\/uploads\/2021\/09\/rendering-tuttofood-valgri-1-1200x477.jpg 1200w, https:\/\/www.valgri.it\/wp-content\/uploads\/2021\/09\/rendering-tuttofood-valgri-1-1000x397.jpg 1000w, https:\/\/www.valgri.it\/wp-content\/uploads\/2021\/09\/rendering-tuttofood-valgri-1.jpg 1497w\" sizes=\"(max-width: 1024px) 100vw, 1024px\" \/><figcaption><em>Progetto di stand Valgri Tuttofood 2021<\/em><\/figcaption><\/figure>\n\n\n\n<p>Protagonisti saranno sempre loro: i <strong>Pomodorini del Piennolo del Vesuvio DOP<\/strong>, un prodotto unico di tradizione prettamente partenopea di cui Valgr\u00ec cura tutta la filiera, dalla scelta del seme alla coltivazione, all\u2019interno dell\u2019oasi del<em> parco nazionale del Vesuvio<\/em>. <br>Il prodotto, raccolto nella tradizionale forma a grappolo, sar\u00e0 tipicamente &#8220;appeso&#8221; nella parte superiore dello stand, a catturare l&#8217;occhio del visitatore e a conquistarlo con i colori e i profumi tipici delle terre del sud. <\/p>\n\n\n\n<p>L&#8217;esposizione dei prodotti dar\u00e0 visibilit\u00e0 al variegato assortimento dell&#8217;azienda: dalle conserve di pomodoro e pomodorino, a quelle di legumi, fino ai pi\u00f9 tipici prodotti campani.<\/p>\n\n\n\n<div class=\"wp-block-image\"><figure class=\"alignleft is-resized\"><img decoding=\"async\" src=\"https:\/\/www.valgri.it\/wp-content\/uploads\/2021\/07\/Valgri-sughi-BIO-1-classificato-brands-awards-new-entry-2021-1024x576.jpg\" alt=\"\" class=\"wp-image-6941\" width=\"441\" height=\"247\" srcset=\"https:\/\/www.valgri.it\/wp-content\/uploads\/2021\/07\/Valgri-sughi-BIO-1-classificato-brands-awards-new-entry-2021-1024x576.jpg 1024w, https:\/\/www.valgri.it\/wp-content\/uploads\/2021\/07\/Valgri-sughi-BIO-1-classificato-brands-awards-new-entry-2021-300x169.jpg 300w, https:\/\/www.valgri.it\/wp-content\/uploads\/2021\/07\/Valgri-sughi-BIO-1-classificato-brands-awards-new-entry-2021-768x432.jpg 768w, https:\/\/www.valgri.it\/wp-content\/uploads\/2021\/07\/Valgri-sughi-BIO-1-classificato-brands-awards-new-entry-2021-1200x675.jpg 1200w, https:\/\/www.valgri.it\/wp-content\/uploads\/2021\/07\/Valgri-sughi-BIO-1-classificato-brands-awards-new-entry-2021-1000x563.jpg 1000w, https:\/\/www.valgri.it\/wp-content\/uploads\/2021\/07\/Valgri-sughi-BIO-1-classificato-brands-awards-new-entry-2021.jpg 1280w\" sizes=\"(max-width: 441px) 100vw, 441px\" \/><figcaption> Sughi BIO in doypack Valgr\u00ec premiati ai Brands Award 2021<\/figcaption><\/figure><\/div>\n\n\n\n<p> Parte dello stand sar\u00e0 infine dedicata all&#8217;ultima novit\u00e0 di prodotto Valgr\u00ec, gi\u00e0 premiata ai Brands Award 2021: sughi biologici in doypack, con solo pomodoro italiano e ingredienti selezionati e biologici. Il tutto in un pack che annulla del tutto il peso dell\u2019imballaggio, abbattendo drasticamente i costi di trasporto e l\u2019impatto ambientale di un classico sugo pronto in vetro. <\/p>\n\n\n\n<p>Insomma, Valgr\u00ec \u00e8 pronta ad accogliervi presso il proprio stand e vi aspetta presso il padiglione 14, stand D48\/D50. <strong><em>Save the Date!<\/em><\/strong><\/p>\n","protected":false},"excerpt":{"rendered":"<p>Valgri ti aspetta al TuttoFood 2021! Vieni a trovarci al padiglione 14, stand D48\/D50. Scopri le novit\u00e0 di quest&#8217;anno!<\/p>\n","protected":false},"author":20,"featured_media":7095,"comment_status":"open","ping_status":"open","sticky":false,"template":"","format":"standard","meta":{"_acf_changed":false,"_joinchat":[],"footnotes":""},"categories":[410],"tags":[],"class_list":["post-7090","post","type-post","status-publish","format-standard","has-post-thumbnail","hentry","category-news"],"acf":[],"_links":{"self":[{"href":"https:\/\/www.valgri.it\/en\/wp-json\/wp\/v2\/posts\/7090","targetHints":{"allow":["GET"]}}],"collection":[{"href":"https:\/\/www.valgri.it\/en\/wp-json\/wp\/v2\/posts"}],"about":[{"href":"https:\/\/www.valgri.it\/en\/wp-json\/wp\/v2\/types\/post"}],"author":[{"embeddable":true,"href":"https:\/\/www.valgri.it\/en\/wp-json\/wp\/v2\/users\/20"}],"replies":[{"embeddable":true,"href":"https:\/\/www.valgri.it\/en\/wp-json\/wp\/v2\/comments?post=7090"}],"version-history":[{"count":0,"href":"https:\/\/www.valgri.it\/en\/wp-json\/wp\/v2\/posts\/7090\/revisions"}],"wp:featuredmedia":[{"embeddable":true,"href":"https:\/\/www.valgri.it\/en\/wp-json\/wp\/v2\/media\/7095"}],"wp:attachment":[{"href":"https:\/\/www.valgri.it\/en\/wp-json\/wp\/v2\/media?parent=7090"}],"wp:term":[{"taxonomy":"category","embeddable":true,"href":"https:\/\/www.valgri.it\/en\/wp-json\/wp\/v2\/categories?post=7090"},{"taxonomy":"post_tag","embeddable":true,"href":"https:\/\/www.valgri.it\/en\/wp-json\/wp\/v2\/tags?post=7090"}],"curies":[{"name":"wp","href":"https:\/\/api.w.org\/{rel}","templated":true}]}}