{"id":6968,"date":"2021-04-12T11:46:21","date_gmt":"2021-04-12T09:46:21","guid":{"rendered":"https:\/\/www.valgri.it\/?p=6968"},"modified":"2021-07-19T15:18:41","modified_gmt":"2021-07-19T13:18:41","slug":"valgri-por-campania-fesr-2014-2020-2-3","status":"publish","type":"post","link":"https:\/\/www.valgri.it\/news\/valgri-lancia-sughi-bio-in-doypack-2021\/","title":{"rendered":"Valgr\u00ec lancia i Sughi BIO in doypack!"},"content":{"rendered":"\n<p style=\"text-align:left\">Siamo felici di presentarvi l\u2019ultima novit\u00e0 di prodotto in casa Valgr\u00ec: <strong>sughi biologici in doypack 200g<\/strong>, prodotti con materie prime selezionate e lavorate dal fresco e ingredienti 100% naturali.<\/p>\n\n\n\n<p>Un esempio il nostro \u201c<em>Sugo al basilico BIO<\/em>\u201d: solo passata di pomodoro 100% italiano, olio extravergine d&#8217;oliva italiano, basilico fresco, sale e aglio, proprio come fatto in casa.<\/p>\n\n\n\n<div class=\"wp-block-image\"><figure class=\"alignright is-resized\"><img decoding=\"async\" src=\"https:\/\/www.valgri.it\/wp-content\/uploads\/2021\/07\/Sughi-BIO-pack.jpg\" alt=\"\" class=\"wp-image-6973\" width=\"521\" height=\"391\" srcset=\"https:\/\/www.valgri.it\/wp-content\/uploads\/2021\/07\/Sughi-BIO-pack.jpg 960w, https:\/\/www.valgri.it\/wp-content\/uploads\/2021\/07\/Sughi-BIO-pack-300x225.jpg 300w, https:\/\/www.valgri.it\/wp-content\/uploads\/2021\/07\/Sughi-BIO-pack-768x576.jpg 768w\" sizes=\"(max-width: 521px) 100vw, 521px\" \/><\/figure><\/div>\n\n\n\n<p>Il tutto in un formato innovativo ed impattante, un <strong>doypack da 200g che annulla del tutto il peso dell\u2019imballaggio<\/strong>, abbattendo drasticamente i costi di trasporto e l\u2019impatto ambientale di un classico sugo pronto in vetro. Per di pi\u00f9, si tratta di un prodotto certificato biologico affine alla tendenza sempre pi\u00f9 crescente dei consumatori alla ricerca di prodotti salutari e genuini. Il pack si presenta in <strong>display box auto-espositivo<\/strong> da n.6 doypack da 200g ciascuno. Per i punti vendita \u00e8 stato ideato anche un <strong>palbox<\/strong> personalizzato capace di accogliere n.24 display box.  <\/p>\n\n\n\n<p>Un prodotto ideale per diversi utilizzi:<strong> sugo pronto per la pasta<\/strong>, <strong>topping per bruschette<\/strong> o <strong>salsa d&#8217;accompagnamento per aperitivi<\/strong> (il <em>sugo all&#8217;arrabbiata<\/em> si sposa perfettamente con i <em>nachos<\/em>!).<br>Insomma, un prodotto che unisce praticit\u00e0 e leggerezza, facile da riciclare, con la solita garanzia di qualit\u00e0 e gusto fresco firmata <strong>Valgr\u00ec, Speciali di Natura. <\/strong><\/p>\n\n\n\n<div class=\"wp-block-image\"><figure class=\"aligncenter is-resized\"><img decoding=\"async\" src=\"https:\/\/www.valgri.it\/wp-content\/uploads\/2021\/07\/modi-duso-sughi-bio-1024x771.jpg\" alt=\"\" class=\"wp-image-7007\" width=\"680\" height=\"511\" srcset=\"https:\/\/www.valgri.it\/wp-content\/uploads\/2021\/07\/modi-duso-sughi-bio-1024x771.jpg 1024w, https:\/\/www.valgri.it\/wp-content\/uploads\/2021\/07\/modi-duso-sughi-bio-300x226.jpg 300w, https:\/\/www.valgri.it\/wp-content\/uploads\/2021\/07\/modi-duso-sughi-bio-768x578.jpg 768w, https:\/\/www.valgri.it\/wp-content\/uploads\/2021\/07\/modi-duso-sughi-bio-1063x800.jpg 1063w, https:\/\/www.valgri.it\/wp-content\/uploads\/2021\/07\/modi-duso-sughi-bio-1000x753.jpg 1000w, https:\/\/www.valgri.it\/wp-content\/uploads\/2021\/07\/modi-duso-sughi-bio.jpg 1133w\" sizes=\"(max-width: 680px) 100vw, 680px\" \/><\/figure><\/div>\n","protected":false},"excerpt":{"rendered":"<p>Valgri lancia i sughi BIO in doypack! Una novit\u00e0 sul mercato che unisce un prodotto d&#8217;eccellenza biologica ad un packaging innovativo ed ecosostenibile.<\/p>\n","protected":false},"author":20,"featured_media":6989,"comment_status":"open","ping_status":"open","sticky":false,"template":"","format":"standard","meta":{"_acf_changed":false,"_joinchat":[],"footnotes":""},"categories":[410],"tags":[],"class_list":["post-6968","post","type-post","status-publish","format-standard","has-post-thumbnail","hentry","category-news"],"acf":[],"_links":{"self":[{"href":"https:\/\/www.valgri.it\/en\/wp-json\/wp\/v2\/posts\/6968","targetHints":{"allow":["GET"]}}],"collection":[{"href":"https:\/\/www.valgri.it\/en\/wp-json\/wp\/v2\/posts"}],"about":[{"href":"https:\/\/www.valgri.it\/en\/wp-json\/wp\/v2\/types\/post"}],"author":[{"embeddable":true,"href":"https:\/\/www.valgri.it\/en\/wp-json\/wp\/v2\/users\/20"}],"replies":[{"embeddable":true,"href":"https:\/\/www.valgri.it\/en\/wp-json\/wp\/v2\/comments?post=6968"}],"version-history":[{"count":0,"href":"https:\/\/www.valgri.it\/en\/wp-json\/wp\/v2\/posts\/6968\/revisions"}],"wp:featuredmedia":[{"embeddable":true,"href":"https:\/\/www.valgri.it\/en\/wp-json\/wp\/v2\/media\/6989"}],"wp:attachment":[{"href":"https:\/\/www.valgri.it\/en\/wp-json\/wp\/v2\/media?parent=6968"}],"wp:term":[{"taxonomy":"category","embeddable":true,"href":"https:\/\/www.valgri.it\/en\/wp-json\/wp\/v2\/categories?post=6968"},{"taxonomy":"post_tag","embeddable":true,"href":"https:\/\/www.valgri.it\/en\/wp-json\/wp\/v2\/tags?post=6968"}],"curies":[{"name":"wp","href":"https:\/\/api.w.org\/{rel}","templated":true}]}}